{"id":191,"date":"2019-11-22T17:38:00","date_gmt":"2019-11-22T16:38:00","guid":{"rendered":"http:\/\/www.sturmstadion-liebenau.at\/CMS\/?p=191"},"modified":"2019-11-22T18:25:45","modified_gmt":"2019-11-22T17:25:45","slug":"was-zu-weit-geht-geht-zu-weit","status":"publish","type":"post","link":"https:\/\/www.sturmstadion-liebenau.at\/CMS\/2019\/11\/22\/was-zu-weit-geht-geht-zu-weit\/","title":{"rendered":"&#8222;Was zu weit geht, geht zu weit&#8220;"},"content":{"rendered":"\n<p>Schwarz und Rot unter dem selben Dach? Der Landeshauptmann hat dazu eine klare Meinung.<\/p>\n\n\n\n<!--more-->\n\n\n\n<p>&#8222;W\u00fcrde mir nicht gefallen&#8220;, &#8222;denkunm\u00f6glich&#8220;, &#8222;eine Vernunftehe&#8220; und &#8222;was zu weit geht, geht zu weit&#8220;. So reagierte LH Sch\u00fctzenh\u00f6fer auf die Frage, wie es ihm gefallen w\u00fcrde, sich eine Parteizentrale mit der SP\u00d6 zu teilen. Der ironische Unterton der Frage, die im Anschluss an sein Nein zu einer Zwei-Stadien-L\u00f6sung gestellt wurde, d\u00fcrfte dem Herrn LH wohl entgangen sein, seine Antwort spricht aber B\u00e4nde. Rot und Schwarz unter einem Dach &#8211; gute Sache, za wos brauch ma mehr? Es sei denn, es betrifft ihn selbst und die eigenen Privilegien.<\/p>\n\n\n\n<p>Nachzuh\u00f6ren hier:<br><a href=\"https:\/\/www.antenne.at\/steiermark\/landtagswahl-2019-schuetzenhoefer\">https:\/\/www.antenne.at\/steiermark\/landtagswahl-2019-schuetzenhoefer<\/a><\/p>\n\n\n\n<p><\/p>\n","protected":false},"excerpt":{"rendered":"<p>Schwarz und Rot unter dem selben Dach? Der Landeshauptmann hat dazu eine klare Meinung&#8230;. <\/p>\n<div class=\"read-more\"><a href=\"https:\/\/www.sturmstadion-liebenau.at\/CMS\/2019\/11\/22\/was-zu-weit-geht-geht-zu-weit\/\">Weiterlesen<\/a><\/div>\n","protected":false},"author":1,"featured_media":192,"comment_status":"closed","ping_status":"open","sticky":false,"template":"","format":"standard","meta":[],"categories":[1],"tags":[],"_links":{"self":[{"href":"https:\/\/www.sturmstadion-liebenau.at\/CMS\/wp-json\/wp\/v2\/posts\/191"}],"collection":[{"href":"https:\/\/www.sturmstadion-liebenau.at\/CMS\/wp-json\/wp\/v2\/posts"}],"about":[{"href":"https:\/\/www.sturmstadion-liebenau.at\/CMS\/wp-json\/wp\/v2\/types\/post"}],"author":[{"embeddable":true,"href":"https:\/\/www.sturmstadion-liebenau.at\/CMS\/wp-json\/wp\/v2\/users\/1"}],"replies":[{"embeddable":true,"href":"https:\/\/www.sturmstadion-liebenau.at\/CMS\/wp-json\/wp\/v2\/comments?post=191"}],"version-history":[{"count":5,"href":"https:\/\/www.sturmstadion-liebenau.at\/CMS\/wp-json\/wp\/v2\/posts\/191\/revisions"}],"predecessor-version":[{"id":199,"href":"https:\/\/www.sturmstadion-liebenau.at\/CMS\/wp-json\/wp\/v2\/posts\/191\/revisions\/199"}],"wp:featuredmedia":[{"embeddable":true,"href":"https:\/\/www.sturmstadion-liebenau.at\/CMS\/wp-json\/wp\/v2\/media\/192"}],"wp:attachment":[{"href":"https:\/\/www.sturmstadion-liebenau.at\/CMS\/wp-json\/wp\/v2\/media?parent=191"}],"wp:term":[{"taxonomy":"category","embeddable":true,"href":"https:\/\/www.sturmstadion-liebenau.at\/CMS\/wp-json\/wp\/v2\/categories?post=191"},{"taxonomy":"post_tag","embeddable":true,"href":"https:\/\/www.sturmstadion-liebenau.at\/CMS\/wp-json\/wp\/v2\/tags?post=191"}],"curies":[{"name":"wp","href":"https:\/\/api.w.org\/{rel}","templated":true}]}}