{"id":213,"date":"2020-09-04T08:56:43","date_gmt":"2020-09-04T06:56:43","guid":{"rendered":"http:\/\/www.sturmstadion-liebenau.at\/CMS\/?p=213"},"modified":"2020-09-04T10:30:26","modified_gmt":"2020-09-04T08:30:26","slug":"der-rechnungshofbericht","status":"publish","type":"post","link":"https:\/\/www.sturmstadion-liebenau.at\/CMS\/2020\/09\/04\/der-rechnungshofbericht\/","title":{"rendered":"Der Rechnungshofbericht"},"content":{"rendered":"\n<p>Nun ist er also endlich da, der langerwartete Bericht des Rechnungshofs zur Stadionthematik. Die Stadt Graz fasste diesen dankenswerterweise zusammen, strich die f\u00fcr sie wichtigsten Erkenntnisse hervor und ver\u00f6ffentlichte nun diese Zusammenfassung. Die Grazer Regionalredaktion der, laut eigenen Angaben, gr\u00f6\u00dften Tageszeitung der Steiermark steht nat\u00fcrlich Gewehr bei Fu\u00df und titelt: \u201eSchlusspfiff f\u00fcr Sturms Vision\u201c.<\/p>\n\n\n\n<!--more-->\n\n\n\n<p><strong>Das Ende der Stadiondiskussion?<\/strong><\/p>\n\n\n\n<p>Der Fall ist klar und kann somit zu den Akten gelegt werden \u2013 oder auch nicht. Wenig \u00fcberrascht vom Ergebnis (vgl. <a rel=\"noreferrer noopener\" href=\"https:\/\/www.sturmstadion-liebenau.at\/CMS\/2019\/11\/23\/wahlzeit-is\/\" target=\"_blank\">https:\/\/www.sturmstadion-liebenau.at\/CMS\/2019\/11\/23\/wahlzeit-is\/<\/a>) machte sich unser Team sofort daran, den 47-seitigen Bericht der Stadt (nicht des Rechnungshofes, der lag uns nicht vor) durchzugehen. Erste Erkenntnis: Lediglich drei der 47 Seiten besch\u00e4ftigen sich tats\u00e4chlich mit dem Sturmstadion Liebenau. Im restlichen Bericht geht es um die Sportstadt Graz, Sportf\u00f6rderungen und andere Sportfl\u00e4chen. Diese drei Seiten lassen sich in folgenden Punkten zusammenfassen:<\/p>\n\n\n\n<p><strong>Millionenverluste<\/strong><br>Die Stadt Graz schreibt mit dem Stadion Millionenverluste. Konkret wurden von 2010 bis 2018 10,17 Millionen Euro Verlust gemacht und mussten aus dem Budget der Stadt Graz gedeckt werden. Auch in Jahren, wo zwei Vereine im Stadion spielten, gab es hohe Verluste.<\/p>\n\n\n\n<p><strong>Ein Stadion ist gro\u00df genug f\u00fcr zwei Vereine<\/strong><br>Um das festzustellen, musste man also den Rechnungshof beauftragen. Dabei k\u00f6nnte das vermutlich jeder Laie. Allerdings ist das keine Antwort auf die eigentliche Frage. Ist es m\u00f6glich, zwei Stadien in Graz wirtschaftlich zu betreiben? H\u00e4tte die Stadt Vorteile, wenn Sturm das Sturmstadion Liebenau \u00fcbernimmt? Betrachtet man Punkt 1, ist die Antwort wohl offensichtlich.<\/p>\n\n\n\n<p><strong>Die Stadt ist sich f\u00fcr nichts zu peinlich<\/strong><br>Man glaubt es kaum, aber die Stadt l\u00e4sst sich in diesem Bericht wirklich dazu herab, dass sie die Verluste der \u201eStadion Graz-Liebenau Verm\u00f6gensverwertungs- u. Verwaltungs GmbH\u201c als Profisportf\u00f6rderung tituliert. Als ob irgendein Profiverein in Graz etwas davon h\u00e4tte, dass die Stadt ein Stadion mit Verlust betreibt. Sturm w\u00fcrde das Stadion \u00fcbernehmen, somit h\u00e4tte die Stadt ca. 1 Million Euro pro Jahr zur Verf\u00fcgung, die sie den Profivereinen als F\u00f6rderung auszahlen k\u00f6nnte.<\/p>\n\n\n\n<p><strong>Wie geht es weiter?<\/strong><\/p>\n\n\n\n<p>Ohne den Bericht des Rechnungshofes gesehen zu haben, hat sich offenbar best\u00e4tigt, was wir von Anfang an bef\u00fcrchtet hatten: Indem die Fragestellung extrem eingegrenzt und einseitig formuliert war, bekam die Stadt zwar die Antwort die sie wollte, aber nach wie vor wei\u00df niemand, ob eine Zwei-Stadien-L\u00f6sung Sinn machen w\u00fcrde oder nicht. Das Angebot von Sturm, das Stadion zu \u00fcbernehmen, wurde anscheinend nicht ber\u00fccksichtigt. Somit kann dieser Bericht auch keine Antwort auf die Stadiondiskussion in Graz liefern. Wir werden versuchen, den eigentlichen Bericht des Rechnungshofes zu bekommen, um zu sehen, ob weitere Erkenntnisse darin zu finden sind. Der Kampf ums Sturmstadion Liebenau hat aber weder einen R\u00fcckschlag einstecken m\u00fcssen, noch ist er zu Ende.<\/p>\n\n\n\n<p><strong>Sturmstadion Liebenau \u2013 Jetzt erst recht!<\/strong><\/p>\n","protected":false},"excerpt":{"rendered":"<p>Nun ist er also endlich da, der langerwartete Bericht des Rechnungshofs zur Stadionthematik. Die Stadt Graz fasste diesen dankenswerterweise zusammen, strich die f\u00fcr sie wichtigsten Erkenntnisse hervor und ver\u00f6ffentlichte nun diese Zusammenfassung. Die Grazer Regionalredaktion der, laut eigenen Angaben, gr\u00f6\u00dften Tageszeitung der Steiermark steht nat\u00fcrlich Gewehr bei Fu\u00df und titelt: \u201eSchlusspfiff f\u00fcr Sturms Vision\u201c&#8230;. <\/p>\n<div class=\"read-more\"><a href=\"https:\/\/www.sturmstadion-liebenau.at\/CMS\/2020\/09\/04\/der-rechnungshofbericht\/\">Weiterlesen<\/a><\/div>\n","protected":false},"author":1,"featured_media":147,"comment_status":"closed","ping_status":"open","sticky":false,"template":"","format":"standard","meta":[],"categories":[1],"tags":[],"_links":{"self":[{"href":"https:\/\/www.sturmstadion-liebenau.at\/CMS\/wp-json\/wp\/v2\/posts\/213"}],"collection":[{"href":"https:\/\/www.sturmstadion-liebenau.at\/CMS\/wp-json\/wp\/v2\/posts"}],"about":[{"href":"https:\/\/www.sturmstadion-liebenau.at\/CMS\/wp-json\/wp\/v2\/types\/post"}],"author":[{"embeddable":true,"href":"https:\/\/www.sturmstadion-liebenau.at\/CMS\/wp-json\/wp\/v2\/users\/1"}],"replies":[{"embeddable":true,"href":"https:\/\/www.sturmstadion-liebenau.at\/CMS\/wp-json\/wp\/v2\/comments?post=213"}],"version-history":[{"count":6,"href":"https:\/\/www.sturmstadion-liebenau.at\/CMS\/wp-json\/wp\/v2\/posts\/213\/revisions"}],"predecessor-version":[{"id":219,"href":"https:\/\/www.sturmstadion-liebenau.at\/CMS\/wp-json\/wp\/v2\/posts\/213\/revisions\/219"}],"wp:featuredmedia":[{"embeddable":true,"href":"https:\/\/www.sturmstadion-liebenau.at\/CMS\/wp-json\/wp\/v2\/media\/147"}],"wp:attachment":[{"href":"https:\/\/www.sturmstadion-liebenau.at\/CMS\/wp-json\/wp\/v2\/media?parent=213"}],"wp:term":[{"taxonomy":"category","embeddable":true,"href":"https:\/\/www.sturmstadion-liebenau.at\/CMS\/wp-json\/wp\/v2\/categories?post=213"},{"taxonomy":"post_tag","embeddable":true,"href":"https:\/\/www.sturmstadion-liebenau.at\/CMS\/wp-json\/wp\/v2\/tags?post=213"}],"curies":[{"name":"wp","href":"https:\/\/api.w.org\/{rel}","templated":true}]}}